{"id":2006,"date":"2025-02-15T20:44:47","date_gmt":"2025-02-15T20:44:47","guid":{"rendered":"https:\/\/clarifyou.com\/?p=2006"},"modified":"2025-02-15T20:44:49","modified_gmt":"2025-02-15T20:44:49","slug":"jobs-in-germany","status":"publish","type":"post","link":"https:\/\/clarifyou.com\/tr\/jobs-in-germany\/","title":{"rendered":"Almanya&#039;da T\u00fcrkler \u0130\u00e7in \u0130\u015f F\u0131rsatlar\u0131: Tam Rehber"},"content":{"rendered":"<!--advertisement--><div class=\"mx-5 sm:mx-0 sm:text-3xl text-2xl font-medium title-font mb-4 text-gray-900 text-left\">\n<h2 class=\"wp-block-heading\" id=\"h-why-does-germany-need-immigrant-workers\">Almanya&#039;n\u0131n G\u00f6\u00e7men \u0130\u015f\u00e7ilere Neden \u0130htiyac\u0131 Var?<\/h2>\n<\/div><div class=\"mx-5 sm:mx-0 prose leading-relaxed text-lg mb-5 text-left wp-paragraph\">\n<p>Almanya&#039;n\u0131n ya\u015flanan bir n\u00fcfusu ve d\u00fc\u015f\u00fck do\u011fum oran\u0131 var, bu da \u00e7e\u015fitli sekt\u00f6rlerde profesyonel eksikli\u011fine yol a\u00e7\u0131yor. Ekonomisinin b\u00fcy\u00fcmesini s\u00fcrd\u00fcrmek i\u00e7in \u00fclkenin yabanc\u0131 i\u015f\u00e7ileri \u00e7ekmesi gerekiyor.<\/p>\n<\/div><div class=\"mx-5 sm:mx-0 prose leading-relaxed text-lg mb-5 text-left wp-paragraph\">\n<p>Alman h\u00fck\u00fcmeti, nitelikli meslek sahiplerinin \u00fclkeye giri\u015fini kolayla\u015ft\u0131rmak i\u00e7in \u00f6nlemler alarak g\u00f6\u00e7 s\u00fcrecini daha eri\u015filebilir hale getirdi.<\/p>\n<\/div><div class=\"wp-block-lazyblock-credit-card lazyblock-credit-card-ZQMPRm\"><section class=\"credit-card mx-5 sm:mx-0 text-gray-600 body-font  my-10 border-gray-200 border-b border-l border-r sm:border-0\">\n  <div class=\"h-1 bg-gray-200 rounded overflow-hidden\">\n    <div class=\"w-24 h-full\"><\/div>\n  <\/div>\n  <div class=\"container px-5 sm:px-0 py-6 mx-auto\" data-anchor-target=\"lazyBlock\">\n    <div class=\"flex flex-wrap mx-auto\">\n      <a class=\"lg:w-2\/5 w-full lg:pl-6 mt-6 lg:mt-0\" href=\"https:\/\/www.xing.com\/\" data-analytics-label=\"creditCardImage\" data-action=\"analytics#trackCTA\" >\n        <img decoding=\"async\" class=\"w-full h-64 object-cover object-center rounded\" loading=\"lazy\" alt=\"card\" style=\"height: 190px;\" src=\"https:\/\/clarifyou.com\/wp-content\/uploads\/2025\/02\/xing.jpg\">\n      <\/a>\n      <div class=\"lg:w-3\/5 w-full lg:pl-6 mt-6 lg:mt-0\">\n        <h2 class=\"text-sm title-font text-gray-500 tracking-widest uppercase\">\n          \u0130\u015fler        <\/h2>\n        <h1 class=\"text-gray-900 text-3xl title-font font-medium mb-1\">\n          Xing        <\/h1>\n        <div class=\"flex mb-4 justify-center sm:justify-start\">\n          \n                      <span class=\"inline-block py-1 px-2 rounded text-xs font-medium tracking-widest uppercase mr-2\">\n              i\u015f            <\/span>\n                      <span class=\"inline-block py-1 px-2 rounded text-xs font-medium tracking-widest uppercase mr-2\">\n              i\u015fler            <\/span>\n                    \n        <\/div>\n        <p class=\"leading-relaxed\">\n          Xing&#039;deki a\u00e7\u0131k pozisyonlar\u0131 bulun!        <\/p>\n        <div class=\"flex mt-6 items-center pb-5 border-b-2 border-gray-100 mb-5\">\n          \n        <\/div>\n        <div class=\"flex\">\n          <a data-km2-rewarded=\"true\" style=\"font-size: 13px;\" class=\"hidden animate-fade-in flex m-auto sm:mr-0 sm:ml-auto\" rel=\"sponsored\" href=\"https:\/\/www.xing.com\/\" data-analytics-label=\"creditCardButton\" data-action=\"analytics#trackCTA\"  >\n            <button class=\"uppercase flex m-auto sm:mr-0 sm:ml-auto border-0 py-2 px-4 focus:outline-none rounded  disabled:opacity-50\">\n              \u0130\u015e POZ\u0130SYONLARI BUL            <\/button>\n          <\/a>\n          <a data-km2-rewarded=\"false\" style=\"font-size: 15px;\" class=\"flex m-auto sm:mr-0 sm:ml-auto\" rel=\"sponsored\" href=\"https:\/\/www.xing.com\/\" data-analytics-label=\"creditCardButton\" data-action=\"analytics#trackCTA\"  >\n            <button id=\"offer-first\" class=\"flex m-auto sm:mr-0 sm:ml-auto border-0 py-2 px-6 focus:outline-none rounded  disabled:opacity-50\">\n              \u0130\u015e POZ\u0130SYONLARI BUL            <\/button>\n          <\/a>\n        <\/div>\n        <p class=\"text-xs text-gray-500 mt-3 text-center sm:text-right\">\n          Ba\u015fka bir web sitesine y\u00f6nlendirileceksiniz        <\/p>\n      <\/div>\n    <\/div>\n  <\/div>\n\n    <script type=\"module\"> function waitFor(conditionFunction) { const poll = resolve => { if(conditionFunction()) resolve(); else setTimeout(_ => poll(resolve), 400); }; return new Promise(poll); } import { Application, Controller } from \"\/wp-content\/themes\/twentytwentyone\/assets\/js\/stimulus.min.js\"; let Stimulus = Application.start(); Stimulus.register(\"anchor\", class extends Controller { static get targets() { return [ \"lazyBlock\", \"lazyBlockAnchor\" ]; } initialize() { this.active = false; this.passed = false; this.closed = false; this.anchorViews = 0; this.boundOnShowAnchor = this.onShowAnchor.bind(this); window.anchorReady = window.anchorReady || false; waitFor(_ => (window.scrollY > this.getHeightBlock() && !this.active)) .then(_ => { !window.anchorReady? this.visible() : ''; window.anchorReady = true; }); if (document.getElementById('landing')) { setTimeout(() => { !window.anchorReady ? this.visible() : ''; window.anchorReady = true; }, 1 * 30000); }; } connect() { this.onShowAnchor(); document.addEventListener(\"scroll\", this.boundOnShowAnchor); } disconnect() { document.removeEventListener(\"scroll\", this.boundOnShowAnchor); } visible() { if (document.getElementById('av-offerwall__wrapper')) { setTimeout(() => this.visible(), 20000); return; } if (document.getElementById('av-fixed__bottomWrapper') && document.getElementById('av-fixed__bottomWrapper').style.display !== 'none' && document.getElementById('av-fixed__bottomWrapper').getBoundingClientRect().height > 100) { setTimeout(() => this.visible(), 1000); return; } if (document.getElementById('av-fixed__bottomWrapper') && document.getElementById('av-fixed__bottomWrapper').style.display !== 'none' && document.getElementById('av-fixed__bottomWrapper').getBoundingClientRect().height > 10) { this.getAnchorElement().style.marginBottom = '60px'; } if (document.querySelector('[data-anchor-shown=\"true\"]') && document.querySelector('[data-anchor-shown=\"true\"]').style.bottom === '0px') { setTimeout(() => this.visible(), 1000); return; } if (!window.km2AnchorReady) { this.active = true; \/*this.getAnchorElement().style.animation = \"none\"; this.getAnchorElement().classList.remove('animate-show-down');*\/ \/*this.getAnchorElement().classList.add('animate-show-up');*\/ \/*setTimeout(() => {*\/ \/*this.getAnchorElement().style.animation = \"\";*\/ this.getAnchorElement().classList.add('animate-show-up'); this.getAnchorElement().classList.remove('hidden'); this.setAnchorViews(this.anchorViews+1); setTimeout(() => this.closeAnchor(), 20000); waitFor(_ => (document.getElementById('av-fixed__bottomWrapper') && document.getElementById('av-fixed__bottomWrapper').style.display !== 'none' && document.getElementById('av-fixed__bottomWrapper').getBoundingClientRect().height > 10 && this.getAnchorElement().style.marginBottom !== '60px')) .then(_ => { this.closeAnchor(); }); this.active = false; \/*}, 10);*\/ } } invisible() { this.active = true; this.getAnchorElement().style.animation = \"none\"; this.getAnchorElement().classList.remove('animate-show-up'); this.getAnchorElement().classList.add('animate-show-down'); setTimeout(() => { this.getAnchorElement().style.animation = \"\"; setTimeout(() => { this.getAnchorElement().classList.add('hidden'); this.active = false; }, 800); }, 10); } onShowAnchor() { let anchorReady = false;  \/*if (!this.active && !anchorReady) { if (this.getAnchorViews() <= 3) { if (window.scrollY > this.getHeightBlock()) { if (!this.passed && !this.closed) { this.visible(); this.passed = true; } } else { if (this.passed) { this.invisible(); this.passed = false; } } } else { if (!this.getAnchorElement().classList.contains('close')) { this.getAnchorElement().classList.add('close'); if (window.scrollY < this.getHeightBlock()) { this.invisible(); } } } }*\/ } closeAnchor() { if (this.closed) return; this.invisible(); this.getAnchorElement().classList.add('close'); this.closed = true; } getAnchorElement() { return this.lazyBlockAnchorTargets[0]; } getAnchorViews() { this.anchorViews = parseInt(sessionStorage.getItem(\"anchorViews\")) >= 1 ? parseInt(sessionStorage.getItem(\"anchorViews\")) : 0; return this.anchorViews; } setAnchorViews(views) { sessionStorage.setItem(\"anchorViews\", views); } getHeightBlock() { return this.lazyBlockTarget.offsetTop + this.lazyBlockTarget.offsetHeight - 110; } }) <\/script>  <div data-anchor-target=\"lazyBlockAnchor\" class=\"fixed w-full sm:w-96 px-3 py-2 bottom-0 left-0 hidden\" style=\"z-index: 999999;\" name=\"lazyBlockAnchor\">\n    <div class=\"grid justify-items-stretch\">        \n              <div class=\"relative justify-self-end top-4 -right-2\">\n          <button data-no-translation class=\"bg-white text-md font-medium text-center rounded-full h-7 w-7 border-2\" data-analytics-label=\"anchorCloseAnchor\" data-action=\"anchor#closeAnchor\" style=\"z-index: 999999;\">\n            X\n          <\/button>\n        <\/div>\n        <div class=\"justify-self-auto flex flex-col h-32 bg-white border-solid border-2 shadow-md rounded-md\">\n          <div class=\"flex my-0 h-full\">\n            <div class=\"w-2\/5 p-1 ml-2 mt-2 w-full\">\n              <a href=\"https:\/\/www.xing.com\/\" rel=\"sponsored\" data-analytics-label=\"anchorImage\" data-action=\"analytics#trackCTA\">          \n                <img decoding=\"async\" loading=\"lazy\" alt=\"card\" class=\"w-full object-cover h-24 object-center rounded justify-self-auto border-2 border-gray-100\" src=\"https:\/\/clarifyou.com\/wp-content\/uploads\/2025\/02\/xing.jpg\">          \n              <\/a>\n            <\/div>\n            <div class=\"w-3\/5 my-2\">\n              <p class=\"px-4 text-center text-xs h-1\/2\">\n                Xing&#039;deki a\u00e7\u0131k pozisyonlar\u0131 bulun!              <\/p>\n              <a href=\"https:\/\/www.xing.com\/\" rel=\"sponsored\" data-analytics-label=\"anchorButton\" data-action=\"analytics#trackCTA\" >\n                <button class=\"flex w-5\/6 m-auto mt-2 border-0 py-1 px-3 focus:outline-none rounded\">                \n                  <p class=\"text-center w-full\" style=\"font-size: 0.67rem;\">\n                    \u0130\u015e POZ\u0130SYONLARI BUL                  <\/p>\n                <\/button>\n              <\/a>\n              <p class=\"text-gray-500 text-center mt-1\" style=\"font-size: 0.50rem;\">\n                Ba\u015fka bir web sitesine y\u00f6nlendirileceksiniz              <\/p>\n            <\/div>\n          <\/div>\n        <\/div>\n          <\/div>\n  <\/div>\n<\/section><\/div><div class=\"mx-5 sm:mx-0 prose leading-relaxed text-lg mb-5 text-left wp-paragraph\">\n<p>Deneyiminiz ve mesleki yeterlilikleriniz varsa, Almanya size m\u00fckemmel i\u015f f\u0131rsatlar\u0131, rekabet\u00e7i maa\u015flar ve iyi \u00e7al\u0131\u015fma ko\u015fullar\u0131 sunabilir.<\/p>\n<\/div><div class=\"mx-5 sm:mx-0 prose leading-relaxed text-lg mb-5 text-left wp-paragraph\">\n<p>Bu kapsaml\u0131 rehberde, Alman i\u015f piyasas\u0131n\u0131n nas\u0131l i\u015fledi\u011fini, \u00e7al\u0131\u015fma vizesinin nas\u0131l al\u0131naca\u011f\u0131n\u0131, hangi sekt\u00f6rlerin en fazla f\u0131rsata sahip oldu\u011funu ve uyum s\u00fcrecinizde yard\u0131mc\u0131 olacak ipu\u00e7lar\u0131n\u0131 anlamak i\u00e7in gereken t\u00fcm bilgileri bulacaks\u0131n\u0131z.<\/p>\n<\/div><!--advertisement--><div class=\"mx-5 sm:mx-0 sm:text-3xl text-2xl font-medium title-font mb-4 text-gray-900 text-left\">\n<h2 class=\"wp-block-heading\" id=\"h-best-job-portals-to-find-jobs-in-germany\">Almanya&#039;da \u0130\u015f Bulmak \u0130\u00e7in En \u0130yi \u0130\u015f Portallar\u0131<\/h2>\n<\/div><div class=\"mx-5 sm:mx-0 prose leading-relaxed text-lg mb-5 text-left wp-paragraph\">\n<p>\u0130\u015f bulma \u015fans\u0131n\u0131z\u0131 art\u0131rmak i\u00e7in Almanya&#039;daki ba\u015fl\u0131ca i\u015f arama sitelerine g\u00f6z at\u0131n:<\/p>\n<\/div><div class=\"mx-5 sm:mx-0 prose text-left mb-5\">\n<ul><div class=\"mx-5 sm:mx-0 prose text-left mb-5\">\n<li><strong>Almanya&#039;da \u00fcretin<\/strong> \u2013 Yabanc\u0131 i\u015f\u00e7iler i\u00e7in Alman h\u00fck\u00fcmetinin resmi web sitesi.<\/li>\n<\/div>\n\n<div class=\"mx-5 sm:mx-0 prose text-left mb-5\">\n<li><strong>Bundesagentur f\u00fcr Arbeit<\/strong>  \u2013 Almanya Federal \u0130stihdam Ajans\u0131.<\/li>\n<\/div>\n\n<div class=\"mx-5 sm:mx-0 prose text-left mb-5\">\n<li><strong>Basamak ta\u015f\u0131<\/strong> \u2013 Almanya\u2019n\u0131n en b\u00fcy\u00fck i\u015f portallar\u0131ndan biri.<\/li>\n<\/div>\n\n<div class=\"mx-5 sm:mx-0 prose text-left mb-5\">\n<li><strong>Ger\u00e7ekten Almanya<\/strong> \u2013 \u00c7ok say\u0131da i\u015f f\u0131rsat\u0131n\u0131n bulundu\u011fu global platform.<\/li>\n<\/div>\n\n<div class=\"mx-5 sm:mx-0 prose text-left mb-5\">\n<li><strong>Linkedin<\/strong> \u2013 Bir\u00e7ok Alman \u015firketi i\u015f ilanlar\u0131n\u0131 do\u011frudan platform \u00fczerinden yay\u0131nl\u0131yor.<\/li>\n<\/div>\n\n<div class=\"mx-5 sm:mx-0 prose text-left mb-5\">\n<li><strong>XING<\/strong> \u2013 Almanya\u2019da olduk\u00e7a pop\u00fcler olan profesyonel bir network platformu.<\/li>\n<\/div><\/ul>\n<\/div><!--advertisement--><div class=\"mx-5 sm:mx-0 sm:text-3xl text-2xl font-medium title-font mb-4 text-gray-900 text-left\">\n<h2 class=\"wp-block-heading\" id=\"h-sectors-that-hire-the-most-immigrants\">En \u00c7ok G\u00f6\u00e7men \u0130\u015fe Alan Sekt\u00f6rler<\/h2>\n<\/div><div class=\"mx-5 sm:mx-0 prose leading-relaxed text-lg mb-5 text-left wp-paragraph\">\n<p>Alman ekonomisinin baz\u0131 sekt\u00f6rlerinde yabanc\u0131 profesyonellere y\u00f6nelik talep art\u0131yor. Ba\u015fl\u0131calar\u0131na g\u00f6z at\u0131n:<\/p>\n<\/div><div class=\"mx-5 sm:mx-0 prose leading-relaxed text-lg mb-5 text-left wp-paragraph\">\n<p><strong>Sa\u011fl\u0131k ve T\u0131p<\/strong><\/p>\n<\/div><div class=\"mx-5 sm:mx-0 prose leading-relaxed text-lg mb-5 text-left wp-paragraph\">\n<p>Almanya&#039;n\u0131n sa\u011fl\u0131k sekt\u00f6r\u00fcnde doktor, hem\u015fire ve ya\u015fl\u0131 bak\u0131c\u0131s\u0131 a\u00e7\u0131\u011f\u0131 var. Bu alandaki profesyonellerin \u00e7al\u0131\u015fma izni alabilmek i\u00e7in derecelerini do\u011frulamalar\u0131 ve Almanca dil yeterliliklerini kan\u0131tlamalar\u0131 gerekiyor.<\/p>\n<\/div><div class=\"mx-5 sm:mx-0 prose leading-relaxed text-lg mb-5 text-left wp-paragraph\">\n<p><strong>Nitelikli Meslekler<\/strong><\/p>\n<\/div><div class=\"mx-5 sm:mx-0 prose leading-relaxed text-lg mb-5 text-left wp-paragraph\">\n<p>Elektrik\u00e7iler, tesisat\u00e7\u0131lar, kaynak\u00e7\u0131lar ve makine operat\u00f6rleri Almanya&#039;da en \u00e7ok aranan meslekler aras\u0131ndad\u0131r. Bir\u00e7ok g\u00f6\u00e7men \u00fcniversite derecesine ihtiya\u00e7 duymadan bu alanlarda i\u015f f\u0131rsat\u0131 bulmaktad\u0131r.<\/p>\n<\/div><div class=\"mx-5 sm:mx-0 prose leading-relaxed text-lg mb-5 text-left wp-paragraph\">\n<p><strong>M\u00fchendislik<\/strong><\/p>\n<\/div><div class=\"mx-5 sm:mx-0 prose leading-relaxed text-lg mb-5 text-left wp-paragraph\">\n<p>\u00d6zellikle altyap\u0131 ve teknoloji alan\u0131nda \u00e7al\u0131\u015fan \u015firketlerde in\u015faat, elektrik, makine ve otomasyon m\u00fchendislerine olan ihtiya\u00e7 art\u0131yor.<\/p>\n<\/div><div class=\"mx-5 sm:mx-0 prose leading-relaxed text-lg mb-5 text-left wp-paragraph\">\n<p><strong>Bilgi Teknolojileri (BT)<\/strong><\/p>\n<\/div><div class=\"mx-5 sm:mx-0 prose leading-relaxed text-lg mb-5 text-left wp-paragraph\">\n<p>Almanya, yaz\u0131l\u0131m geli\u015ftiricileri, veri m\u00fchendisleri, siber g\u00fcvenlik uzmanlar\u0131 ve sistem y\u00f6neticilerine olan talebin y\u00fcksek oldu\u011fu Avrupa&#039;n\u0131n teknoloji merkezlerinden biridir.<\/p>\n<\/div><div class=\"mx-5 sm:mx-0 prose leading-relaxed text-lg mb-5 text-left wp-paragraph\">\n<p><strong>Do\u011fa Bilimleri<\/strong><\/p>\n<\/div><div class=\"mx-5 sm:mx-0 prose leading-relaxed text-lg mb-5 text-left wp-paragraph\">\n<p>Kimyagerler, fizik\u00e7iler ve biyologlar ara\u015ft\u0131rma sekt\u00f6rlerinde, yeni teknoloji geli\u015ftirmede ve ila\u00e7 end\u00fcstrisinde i\u015f f\u0131rsatlar\u0131 buluyorlar.<\/p>\n<\/div><!--advertisement--><div class=\"mx-5 sm:mx-0 sm:text-3xl text-2xl font-medium title-font mb-4 text-gray-900 text-left\">\n<h2 class=\"wp-block-heading\" id=\"h-step-by-step-guide-to-getting-a-work-visa-in-germany\">Almanya&#039;da \u00c7al\u0131\u015fma Vizesi Almak \u0130\u00e7in Ad\u0131m Ad\u0131m K\u0131lavuz<\/h2>\n<\/div><div class=\"mx-5 sm:mx-0 prose leading-relaxed text-lg mb-5 text-left wp-paragraph\">\n<p>Almanya&#039;da yasal olarak \u00e7al\u0131\u015fmak istiyorsan\u0131z, uygun \u00e7al\u0131\u015fma vizesini almak i\u00e7in birka\u00e7 ad\u0131m\u0131 takip etmelisiniz. S\u00fcre\u00e7 b\u00fcrokratik g\u00f6r\u00fcnse de, bunu kolayla\u015ft\u0131rmak i\u00e7in baz\u0131 ipu\u00e7lar\u0131 bir araya getirdik.<\/p>\n<\/div><!--advertisement--><div class=\"mx-5 sm:mx-0 sm:text-3xl text-2xl font-medium title-font mb-4 text-gray-900 text-left\">\n<h3 class=\"wp-block-heading\" id=\"h-1-get-a-job-offer\">1. Bir \u0130\u015f Teklifi Al\u0131n<\/h3>\n<\/div><div class=\"mx-5 sm:mx-0 prose leading-relaxed text-lg mb-5 text-left wp-paragraph\">\n<p>\u0130lk ad\u0131m bir i\u015f bulmakt\u0131r. Alman ekonomisinin farkl\u0131 sekt\u00f6rleri yabanc\u0131 profesyoneller ar\u0131yor. Baz\u0131 \u015firketler vize alma konusunda destek bile sunuyor.<\/p>\n<\/div><!--advertisement--><div class=\"mx-5 sm:mx-0 sm:text-3xl text-2xl font-medium title-font mb-4 text-gray-900 text-left\">\n<h3 class=\"wp-block-heading\" id=\"h-2-apply-for-a-work-visa\">2. \u00c7al\u0131\u015fma Vizesi Ba\u015fvurusunda Bulunun<\/h3>\n<\/div><div class=\"mx-5 sm:mx-0 prose leading-relaxed text-lg mb-5 text-left wp-paragraph\">\n<p>Bir i\u015f teklifi ald\u0131ktan sonra, kendi \u00fclkenizdeki Alman konsoloslu\u011funa vize ba\u015fvurusunda bulunmal\u0131s\u0131n\u0131z. Gerekli belgeler \u015funlard\u0131r:<\/p>\n<\/div><div class=\"mx-5 sm:mx-0 prose text-left mb-5\">\n<ul><div class=\"mx-5 sm:mx-0 prose text-left mb-5\">\n<li>Ge\u00e7erli pasaport<\/li>\n<\/div>\n\n<div class=\"mx-5 sm:mx-0 prose text-left mb-5\">\n<li>\u0130\u015f s\u00f6zle\u015fmesi veya i\u015f teklifi<\/li>\n<\/div>\n\n<div class=\"mx-5 sm:mx-0 prose text-left mb-5\">\n<li>Mesleki yeterlilik belgesi<\/li>\n<\/div>\n\n<div class=\"mx-5 sm:mx-0 prose text-left mb-5\">\n<li>Sa\u011fl\u0131k sigortas\u0131<\/li>\n<\/div>\n\n<div class=\"mx-5 sm:mx-0 prose text-left mb-5\">\n<li>\u0130kametgah belgesi<\/li>\n<\/div>\n\n<div class=\"mx-5 sm:mx-0 prose text-left mb-5\">\n<li>Finansal kan\u0131t<\/li>\n<\/div><\/ul>\n<\/div><!--advertisement--><div class=\"mx-5 sm:mx-0 sm:text-3xl text-2xl font-medium title-font mb-4 text-gray-900 text-left\">\n<h3 class=\"wp-block-heading\" id=\"h-3-travel-to-germany-and-register\">3. Almanya&#039;ya seyahat edin ve kay\u0131t olun<\/h3>\n<\/div><div class=\"mx-5 sm:mx-0 prose leading-relaxed text-lg mb-5 text-left wp-paragraph\">\n<p>Almanya&#039;ya vard\u0131\u011f\u0131n\u0131zda \u015funlar\u0131 yapmal\u0131s\u0131n\u0131z:<\/p>\n<\/div><div class=\"mx-5 sm:mx-0 prose text-left mb-5\">\n<ul><div class=\"mx-5 sm:mx-0 prose text-left mb-5\">\n<li><strong>\u0130kametinizi kaydedin (Anmeldung)<\/strong> belediye ofisinde (B\u00fcrgeramt).<\/li>\n<\/div>\n\n<div class=\"mx-5 sm:mx-0 prose text-left mb-5\">\n<li><strong>Bir banka hesab\u0131 a\u00e7\u0131n<\/strong> Maa\u015f\u0131n\u0131z\u0131 almak i\u00e7in.<\/li>\n<\/div>\n\n<div class=\"mx-5 sm:mx-0 prose text-left mb-5\">\n<li><strong>Zorunlu sa\u011fl\u0131k sigortas\u0131 yapt\u0131r\u0131n.<\/strong><\/li>\n<\/div>\n\n<div class=\"mx-5 sm:mx-0 prose text-left mb-5\">\n<li><strong>Oturma izni ba\u015fvurusunda bulunun<\/strong> G\u00f6\u00e7menlik B\u00fcrosunda (Ausl\u00e4nderbeh\u00f6rde) \u00e7al\u0131\u015fmak i\u00e7in.<\/li>\n<\/div><\/ul>\n<\/div><div class=\"mx-5 sm:mx-0 prose leading-relaxed text-lg mb-5 text-left wp-paragraph\">\n<p>Almanya&#039;da d\u00f6rt y\u0131l avukatl\u0131k yapt\u0131ktan sonra daimi ikamet ba\u015fvurusunda bulunabilirsiniz.<\/p>\n<\/div><!--advertisement--><div class=\"mx-5 sm:mx-0 sm:text-3xl text-2xl font-medium title-font mb-4 text-gray-900 text-left\">\n<h2 class=\"wp-block-heading\" id=\"h-degree-recognition-in-germany\">Almanya&#039;da Derece Tan\u0131nmas\u0131<\/h2>\n<\/div><div class=\"mx-5 sm:mx-0 prose leading-relaxed text-lg mb-5 text-left wp-paragraph\">\n<p>Almanya&#039;da \u00e7e\u015fitli mesleklerde yasal olarak \u00e7al\u0131\u015fabilmek i\u00e7in teknik veya \u00fcniversite diploman\u0131z\u0131 belgelendirmeniz gerekiyor. <\/p>\n<\/div><div class=\"mx-5 sm:mx-0 prose leading-relaxed text-lg mb-5 text-left wp-paragraph\">\n<p>Bu s\u00fcre\u00e7, <strong>Anl\u0131k bildirim<\/strong>, yabanc\u0131 yeterliliklerin tan\u0131nmas\u0131ndan sorumlu kurulu\u015flar arac\u0131l\u0131\u011f\u0131yla yap\u0131lmal\u0131d\u0131r.<\/p>\n<\/div><div class=\"mx-5 sm:mx-0 prose leading-relaxed text-lg mb-5 text-left wp-paragraph\">\n<p>Derecenin denkli\u011fini kontrol etmek i\u00e7in resmi web sitesi <strong>Anabin<\/strong>Mesle\u011fe ba\u011fl\u0131 olarak ek s\u0131navlar veya uyum kurslar\u0131 gerekebilir.<\/p>\n<\/div><div class=\"mx-5 sm:mx-0 prose leading-relaxed text-lg mb-5 text-left wp-paragraph\">\n<p>A\u015fa\u011f\u0131daki alanlardaki profesyoneller: <strong>t\u0131p, m\u00fchendislik ve hukuk<\/strong>\u00d6rne\u011fin, \u00fclkede \u00e7al\u0131\u015fmaya ba\u015flamadan \u00f6nce belirli bir sertifikaya ihtiya\u00e7 duyulmaktad\u0131r.<\/p>\n<\/div><!--advertisement--><div class=\"mx-5 sm:mx-0 sm:text-3xl text-2xl font-medium title-font mb-4 text-gray-900 text-left\">\n<h2 class=\"wp-block-heading\" id=\"h-cost-of-living-in-germany\">Almanya&#039;da Ya\u015fam Maliyeti<\/h2>\n<\/div><div class=\"mx-5 sm:mx-0 prose leading-relaxed text-lg mb-5 text-left wp-paragraph\">\n<p>Almanya&#039;da ya\u015fam maliyeti, ya\u015fad\u0131\u011f\u0131n\u0131z \u015fehre ba\u011fl\u0131 olarak de\u011fi\u015fir. \u015eehirler gibi <strong>M\u00fcnih ve Frankfurt<\/strong> daha pahal\u0131d\u0131r, oysa <strong>Leipzig ve Dresden<\/strong> daha uygun bir ya\u015fam maliyeti sunmak.<\/p>\n<\/div><!--advertisement--><div class=\"mx-5 sm:mx-0 sm:text-3xl text-2xl font-medium title-font mb-4 text-gray-900 text-left\">\n<h3 class=\"wp-block-heading\" id=\"h-main-monthly-expenses\"><strong>Ana Ayl\u0131k Giderler<\/strong><\/h3>\n<\/div><div class=\"mx-5 sm:mx-0 prose leading-relaxed text-lg mb-5 text-left wp-paragraph\">\n<p><strong>1. Berlin<\/strong><\/p>\n<\/div><div class=\"mx-5 sm:mx-0 prose text-left mb-5\">\n<ul><div class=\"mx-5 sm:mx-0 prose text-left mb-5\">\n<li><strong>Kira:<\/strong> \u015eehir merkezinde bir yatak odal\u0131 dairenin fiyat\u0131 100 ila 150 dolar aras\u0131nda de\u011fi\u015fiyor. <strong>1.300 \u20ac ve 1.700 \u20ac<\/strong>\u00c7evre b\u00f6lgelerde fiyatlar \u015fu aral\u0131klarda seyrediyor: <strong>900\u20ac ile 1.300\u20ac aras\u0131<\/strong>.<\/li>\n<\/div>\n\n<div class=\"mx-5 sm:mx-0 prose text-left mb-5\">\n<li><strong>Ta\u015f\u0131ma:<\/strong> Ayl\u0131k toplu ta\u015f\u0131ma kart\u0131 (<strong>BVG<\/strong>) maliyeti yakla\u015f\u0131k <strong>\u20ac86<\/strong>Otob\u00fcs, tramvay ve metroyu kapsayan.<\/li>\n<\/div>\n\n<div class=\"mx-5 sm:mx-0 prose text-left mb-5\">\n<li><strong>Yiyecek:<\/strong> Ayl\u0131k market harcamalar\u0131 \u015fu kadard\u0131r: <strong>300\u20ac ile 450\u20ac aras\u0131<\/strong>Bir restoranda yemek \u00fccreti \u015fu kadard\u0131r: <strong>14\u20ac ve 30\u20ac<\/strong>.<\/li>\n<\/div><\/ul>\n<\/div><div class=\"mx-5 sm:mx-0 prose leading-relaxed text-lg mb-5 text-left wp-paragraph\">\n<p><strong>2. M\u00fcnih<\/strong><\/p>\n<\/div><div class=\"mx-5 sm:mx-0 prose text-left mb-5\">\n<ul><div class=\"mx-5 sm:mx-0 prose text-left mb-5\">\n<li><strong>Kira:<\/strong> M\u00fcnih, y\u00fcksek konut maliyetleriyle bilinir. \u015eehir merkezinde, tek yatak odal\u0131 bir dairenin maliyeti <strong>1.800 \u20ac ve 2.200 \u20ac<\/strong> ayda. \u00c7evre b\u00f6lgelerde fiyatlar \u015fu aral\u0131klarda de\u011fi\u015fir: <strong>1.200 \u20ac ile 1.600 \u20ac aras\u0131<\/strong>.<\/li>\n<\/div>\n\n<div class=\"mx-5 sm:mx-0 prose text-left mb-5\">\n<li><strong>Ta\u015f\u0131ma:<\/strong> Ayl\u0131k ge\u00e7i\u015f (<strong>MVV<\/strong>) maliyeti yakla\u015f\u0131k <strong>\u20ac89<\/strong>, t\u00fcm metropol alan\u0131n\u0131 kaps\u0131yor.<\/li>\n<\/div>\n\n<div class=\"mx-5 sm:mx-0 prose text-left mb-5\">\n<li><strong>Yiyecek:<\/strong> S\u00fcpermarket harcamalar\u0131 \u015fu kadard\u0131r: <strong>350\u20ac ile 500\u20ac aras\u0131<\/strong> Ayl\u0131k. Restoran yemeklerinin maliyeti <strong>15\u20ac ve 35\u20ac<\/strong>.<\/li>\n<\/div><\/ul>\n<\/div><div class=\"mx-5 sm:mx-0 prose leading-relaxed text-lg mb-5 text-left wp-paragraph\">\n<p><strong>3. Hamburg<\/strong><\/p>\n<\/div><div class=\"mx-5 sm:mx-0 prose text-left mb-5\">\n<ul><div class=\"mx-5 sm:mx-0 prose text-left mb-5\">\n<li><strong>Kira:<\/strong> \u015eehir merkezinde bir yatak odal\u0131 dairelerin fiyatlar\u0131 \u015fu kadard\u0131r: <strong>1.600 \u20ac ve 2.000 \u20ac<\/strong> ayda. \u00c7evre b\u00f6lgelerde fiyatlar \u015fu aral\u0131klarda de\u011fi\u015fir: <strong>1.000 \u20ac ile 1.400 \u20ac aras\u0131<\/strong>.<\/li>\n<\/div>\n\n<div class=\"mx-5 sm:mx-0 prose text-left mb-5\">\n<li><strong>Ta\u015f\u0131ma:<\/strong> Ayl\u0131k ge\u00e7i\u015f (<strong>Y\u00fcksek gerilim<\/strong>) yakla\u015f\u0131k maliyeti <strong>\u20ac95<\/strong>Otob\u00fcs, tren ve feribotlar dahil.<\/li>\n<\/div>\n\n<div class=\"mx-5 sm:mx-0 prose text-left mb-5\">\n<li><strong>Yiyecek:<\/strong> Ayl\u0131k market harcamalar\u0131 \u015fu kadard\u0131r: <strong>300\u20ac ile 450\u20ac aras\u0131<\/strong>Bir restoranda yemek \u00fccreti \u015fu kadard\u0131r: <strong>14\u20ac ve 30\u20ac<\/strong>.<\/li>\n<\/div><\/ul>\n<\/div><div class=\"mx-5 sm:mx-0 prose leading-relaxed text-lg mb-5 text-left wp-paragraph\">\n<p>Buna g\u00f6re <strong>Gurbet\u00e7i<\/strong>Almanya&#039;da bekar bir ki\u015finin tahmini ya\u015fam maliyeti <strong>Ayl\u0131k 2.251 \u20ac<\/strong>, d\u00f6rt ki\u015filik bir aile i\u00e7in ise bu <strong>\u20ac4,261<\/strong>.<\/p>\n<\/div><!--advertisement--><div class=\"mx-5 sm:mx-0 sm:text-3xl text-2xl font-medium title-font mb-4 text-gray-900 text-left\">\n<h2 class=\"wp-block-heading\" id=\"h-extra-tips-for-immigrants-in-germany\">Almanya&#039;daki G\u00f6\u00e7menler \u0130\u00e7in Ek \u0130pu\u00e7lar\u0131<\/h2>\n<\/div><div class=\"mx-5 sm:mx-0 prose text-left mb-5\">\n<ul><div class=\"mx-5 sm:mx-0 prose text-left mb-5\">\n<li><strong>Almanca \u00f6\u011frenin:<\/strong> Baz\u0131 i\u015flerde \u0130ngilizce kabul edilse bile, Almanca konu\u015fmak iyi bir i\u015fe girme ve daha iyi uyum sa\u011flama \u015fans\u0131n\u0131z\u0131 art\u0131r\u0131r.<\/li>\n<\/div>\n\n<div class=\"mx-5 sm:mx-0 prose text-left mb-5\">\n<li><strong>A\u011f olu\u015fturma:<\/strong> Profesyonel etkinliklere kat\u0131l\u0131n ve ba\u011flant\u0131 kurun <strong>Linkedin<\/strong> Ve <strong>XING<\/strong>.<\/li>\n<\/div>\n\n<div class=\"mx-5 sm:mx-0 prose text-left mb-5\">\n<li><strong>Derecenin Tan\u0131nmas\u0131:<\/strong> Mesle\u011finiz onay gerektiriyorsa, seyahatinizden \u00f6nce s\u00fcreci ba\u015flat\u0131n.<\/li>\n<\/div>\n\n<div class=\"mx-5 sm:mx-0 prose text-left mb-5\">\n<li><strong>Finansal Bir Plan\u0131n\u0131z Olsun:<\/strong> Almanya&#039;ya ta\u015f\u0131nmak ba\u015flang\u0131\u00e7ta masrafl\u0131 olaca\u011f\u0131ndan ilk birka\u00e7 ay i\u00e7in maddi birikim yapman\u0131z gerekir.<\/li>\n<\/div><\/ul>\n<\/div><!--advertisement--><div class=\"mx-5 sm:mx-0 sm:text-3xl text-2xl font-medium title-font mb-4 text-gray-900 text-left\">\n<h2 class=\"wp-block-heading\" id=\"h-conclusion\">\u00c7\u00f6z\u00fcm<\/h2>\n<\/div><div class=\"mx-5 sm:mx-0 prose leading-relaxed text-lg mb-5 text-left wp-paragraph\">\n<p>Almanya, istikrarl\u0131 bir kariyer ve daha iyi ya\u015fam ko\u015fullar\u0131 arayan g\u00f6\u00e7menlere b\u00fcy\u00fck f\u0131rsatlar sunuyor.<\/p>\n<\/div><div class=\"mx-5 sm:mx-0 prose leading-relaxed text-lg mb-5 text-left wp-paragraph\">\n<p>Planlama, yeterlilik ve \u00f6zveriyle Alman pazar\u0131nda i\u015f bulabilir ve gelecek vaat eden bir gelecek in\u015fa edebilirsiniz.<\/p>\n<\/div><div class=\"mx-5 sm:mx-0 prose leading-relaxed text-lg mb-5 text-left wp-paragraph\">\n<p>Almanya&#039;da \u00e7al\u0131\u015fmak ilginizi \u00e7ekiyorsa, \u00f6nerilen ad\u0131mlar\u0131 izleyin, en \u00e7ok talep g\u00f6ren alanlar\u0131 ara\u015ft\u0131r\u0131n ve bu yeni profesyonel yolculu\u011fa haz\u0131rlan\u0131n!<\/p>\n<\/div><div class=\"wp-block-lazyblock-cta lazyblock-cta-ZBijIb\">\n  <section class=\"cta mx-5 sm:mx-0 text-gray-600 body-font my-10 border-gray-200 border-b border-l border-r sm:border-0\">\n    <div class=\"h-1 bg-gray-200 rounded overflow-hidden\">\n      <div class=\"w-24 h-full\"><\/div>\n    <\/div>\n    <div class=\"container px-5 pt-6 pb-6 mx-auto flex flex-wrap\" data-anchor-target=\"lazyBlock\">    \n    \n              <a class=\"flex flex-wrap content-center w-full mb-4 md:hidden\" href=\"https:\/\/clarifyou.com\/tr\/rec-jobs-australia\/\"  data-analytics-label=\"ctaImage\" data-action=\"analytics#trackCTA\" aria-label=\"Avustralya&#039;da \u00c7al\u0131\u015fmak\">\n          <div class=\"m-auto float-none\">\n            <img decoding=\"async\" loading=\"lazy\" src=\"https:\/\/clarifyou.com\/wp-content\/uploads\/2024\/11\/learn-english-online-scaled.jpeg\" alt=\"\">\n          <\/div>\n        <\/a>\n            <h2 class=\"w-full sm:text-3xl text-2xl text-gray-900 font-medium title-font mb-2 text-center md:text-left md:w-2\/5\">\n        <a href=\"https:\/\/clarifyou.com\/tr\/rec-jobs-australia\/\" data-analytics-label=\"ctaTitle\" data-action=\"analytics#trackCTA\" aria-label=\"Avustralya&#039;da \u00c7al\u0131\u015fmak\">\n            Avustralya&#039;da \u00c7al\u0131\u015fmak        <\/a>\n      <\/h2>\n      <div class=\"w-full md:w-3\/5 md:pl-6\">\n        <p class=\"text-center md:text-left leading-relaxed text-base\">\n            Avustralya&#039;da En \u00c7ok Talep G\u00f6ren \u0130\u015fler: Bilmeniz Gereken Her \u015eey        <\/p>\n        <div class=\"flex mt-6 w-full flex-1 justify-center ml-auto md:mt-4 md:justify-start\" style=\"font-weight: bold;\">\n          <a class=\"inline-flex items-center\" href=\"https:\/\/clarifyou.com\/tr\/rec-jobs-australia\/\"  data-analytics-label=\"ctaButton\" data-action=\"analytics#trackCTA\" >\n            Okumaya devam edin            <svg fill=\"none\" stroke=\"currentColor\" stroke-linecap=\"round\" stroke-linejoin=\"round\" stroke-width=\"2\" class=\"w-4 h-4 ml-2\" viewbox=\"0 0 24 24\">\n              <path d=\"M5 12h14M12 5l7 7-7 7\"><\/path>\n            <\/svg>\n          <\/a>\n        <\/div>\n      <\/div>  \n          \n    <\/div>\n      <script type=\"module\"> function waitFor(conditionFunction) { const poll = resolve => { if(conditionFunction()) resolve(); else setTimeout(_ => poll(resolve), 400); }; return new Promise(poll); } import { Application, Controller } from \"\/wp-content\/themes\/twentytwentyone\/assets\/js\/stimulus.min.js\"; let Stimulus = Application.start(); Stimulus.register(\"anchor\", class extends Controller { static get targets() { return [ \"lazyBlock\", \"lazyBlockAnchor\" ]; } initialize() { this.active = false; this.passed = false; this.closed = false; this.anchorViews = 0; this.boundOnShowAnchor = this.onShowAnchor.bind(this); window.anchorReady = window.anchorReady || false; waitFor(_ => (window.scrollY > this.getHeightBlock() && !this.active)) .then(_ => { !window.anchorReady? this.visible() : ''; window.anchorReady = true; }); if (document.getElementById('landing')) { setTimeout(() => { !window.anchorReady ? this.visible() : ''; window.anchorReady = true; }, 1 * 30000); }; } connect() { this.onShowAnchor(); document.addEventListener(\"scroll\", this.boundOnShowAnchor); } disconnect() { document.removeEventListener(\"scroll\", this.boundOnShowAnchor); } visible() { if (document.getElementById('av-offerwall__wrapper')) { setTimeout(() => this.visible(), 20000); return; } if (document.getElementById('av-fixed__bottomWrapper') && document.getElementById('av-fixed__bottomWrapper').style.display !== 'none' && document.getElementById('av-fixed__bottomWrapper').getBoundingClientRect().height > 100) { setTimeout(() => this.visible(), 1000); return; } if (document.getElementById('av-fixed__bottomWrapper') && document.getElementById('av-fixed__bottomWrapper').style.display !== 'none' && document.getElementById('av-fixed__bottomWrapper').getBoundingClientRect().height > 10) { this.getAnchorElement().style.marginBottom = '60px'; } if (document.querySelector('[data-anchor-shown=\"true\"]') && document.querySelector('[data-anchor-shown=\"true\"]').style.bottom === '0px') { setTimeout(() => this.visible(), 1000); return; } if (!window.km2AnchorReady) { this.active = true; \/*this.getAnchorElement().style.animation = \"none\"; this.getAnchorElement().classList.remove('animate-show-down');*\/ \/*this.getAnchorElement().classList.add('animate-show-up');*\/ \/*setTimeout(() => {*\/ \/*this.getAnchorElement().style.animation = \"\";*\/ this.getAnchorElement().classList.add('animate-show-up'); this.getAnchorElement().classList.remove('hidden'); this.setAnchorViews(this.anchorViews+1); setTimeout(() => this.closeAnchor(), 20000); waitFor(_ => (document.getElementById('av-fixed__bottomWrapper') && document.getElementById('av-fixed__bottomWrapper').style.display !== 'none' && document.getElementById('av-fixed__bottomWrapper').getBoundingClientRect().height > 10 && this.getAnchorElement().style.marginBottom !== '60px')) .then(_ => { this.closeAnchor(); }); this.active = false; \/*}, 10);*\/ } } invisible() { this.active = true; this.getAnchorElement().style.animation = \"none\"; this.getAnchorElement().classList.remove('animate-show-up'); this.getAnchorElement().classList.add('animate-show-down'); setTimeout(() => { this.getAnchorElement().style.animation = \"\"; setTimeout(() => { this.getAnchorElement().classList.add('hidden'); this.active = false; }, 800); }, 10); } onShowAnchor() { let anchorReady = false;  \/*if (!this.active && !anchorReady) { if (this.getAnchorViews() <= 3) { if (window.scrollY > this.getHeightBlock()) { if (!this.passed && !this.closed) { this.visible(); this.passed = true; } } else { if (this.passed) { this.invisible(); this.passed = false; } } } else { if (!this.getAnchorElement().classList.contains('close')) { this.getAnchorElement().classList.add('close'); if (window.scrollY < this.getHeightBlock()) { this.invisible(); } } } }*\/ } closeAnchor() { if (this.closed) return; this.invisible(); this.getAnchorElement().classList.add('close'); this.closed = true; } getAnchorElement() { return this.lazyBlockAnchorTargets[0]; } getAnchorViews() { this.anchorViews = parseInt(sessionStorage.getItem(\"anchorViews\")) >= 1 ? parseInt(sessionStorage.getItem(\"anchorViews\")) : 0; return this.anchorViews; } setAnchorViews(views) { sessionStorage.setItem(\"anchorViews\", views); } getHeightBlock() { return this.lazyBlockTarget.offsetTop + this.lazyBlockTarget.offsetHeight - 110; } }) <\/script>  <div data-anchor-target=\"lazyBlockAnchor\" class=\"fixed w-full sm:w-96 px-3 py-2 bottom-0 left-0 hidden\" style=\"z-index: 999999;\" name=\"lazyBlockAnchor\">\n    <div class=\"grid justify-items-stretch\">        \n              <div class=\"relative justify-self-end top-4 -right-2\">\n          <button data-no-translation class=\"bg-white text-md font-medium text-center rounded-full h-7 w-7 border-2\" data-analytics-label=\"anchorCloseAnchor\" data-action=\"anchor#closeAnchor\" style=\"z-index: 999999;\">\n            X\n          <\/button>\n        <\/div>\n        <div class=\"justify-self-auto flex flex-col h-32 bg-white border-solid border-2 shadow-md rounded-md\">\n          <div class=\"flex my-0 h-full\">\n            <div class=\"w-2\/5 p-1 ml-2 mt-2 w-full\">\n              <a href=\"https:\/\/clarifyou.com\/tr\/rec-jobs-australia\/\"  data-analytics-label=\"anchorImage\" data-action=\"analytics#trackCTA\">          \n                <img decoding=\"async\" loading=\"lazy\" alt=\"card\" class=\"w-full object-cover h-24 object-center rounded justify-self-auto border-2 border-gray-100\" src=\"https:\/\/clarifyou.com\/wp-content\/uploads\/2024\/11\/learn-english-online-scaled.jpeg\">          \n              <\/a>\n            <\/div>\n            <div class=\"w-3\/5 my-2\">\n              <p class=\"px-4 text-center text-xs h-1\/2\">\n                Avustralya&#039;da \u00c7al\u0131\u015fmak              <\/p>\n              <a href=\"https:\/\/clarifyou.com\/tr\/rec-jobs-australia\/\"  data-analytics-label=\"anchorButton\" data-action=\"analytics#trackCTA\" >\n                <button class=\"flex w-5\/6 m-auto mt-2 border-0 py-1 px-3 focus:outline-none rounded\">                \n                  <p class=\"text-center w-full\" style=\"font-size: 0.67rem;\">\n                    Okumaya devam edin                  <\/p>\n                <\/button>\n              <\/a>\n              <p class=\"text-gray-500 text-center mt-1\" style=\"font-size: 0.50rem;\">\n                Ayn\u0131 web sitesinde kalacaks\u0131n\u0131z              <\/p>\n            <\/div>\n          <\/div>\n        <\/div>\n          <\/div>\n  <\/div>\n  <\/section>\n\n<\/div>","protected":false},"excerpt":{"rendered":"<p>Almanya&#039;da \u00e7al\u0131\u015fmak hakk\u0131nda bilmeniz gereken her \u015fey \u2013 En iyi i\u015f portallar\u0131, en fazla f\u0131rsata sahip sekt\u00f6rler, ya\u015fam maliyeti ve ipu\u00e7lar\u0131. A\u015fa\u011f\u0131dan kontrol edin!<\/p>","protected":false},"author":11,"featured_media":2010,"comment_status":"open","ping_status":"open","sticky":false,"template":"","format":"standard","meta":{"footnotes":""},"categories":[170],"tags":[172,175,180,177,176,174,247,171],"yoast_head":"<!-- This site is optimized with the Yoast SEO Premium plugin v18.7 (Yoast SEO v19.1) - https:\/\/yoast.com\/wordpress\/plugins\/seo\/ -->\n<title>Job Opportunities in Germany for Turks: Complete Guide - Clarif You<\/title>\n<meta name=\"description\" content=\"Everything about working in Germany: jobs, sectors with more opportunities, cost of living, and essential tips. Check it out!\" \/>\n<meta name=\"robots\" content=\"index, follow, max-snippet:-1, max-image-preview:large, max-video-preview:-1\" \/>\n<link rel=\"canonical\" href=\"https:\/\/clarifyou.com\/tr\/jobs-in-germany\/\" \/>\n<meta property=\"og:locale\" content=\"tr_TR\" \/>\n<meta property=\"og:type\" content=\"article\" \/>\n<meta property=\"og:title\" content=\"Job Opportunities in Germany for Turks: Complete Guide\" \/>\n<meta property=\"og:description\" content=\"Everything about working in Germany: jobs, sectors with more opportunities, cost of living, and essential tips. Check it out!\" \/>\n<meta property=\"og:url\" content=\"https:\/\/clarifyou.com\/tr\/jobs-in-germany\/\" \/>\n<meta property=\"og:site_name\" content=\"Clarif You\" \/>\n<meta property=\"article:published_time\" content=\"2025-02-15T20:44:47+00:00\" \/>\n<meta property=\"article:modified_time\" content=\"2025-02-15T20:44:49+00:00\" \/>\n<meta property=\"og:image\" content=\"https:\/\/clarifyou.com\/wp-content\/uploads\/2025\/02\/jobs-in-germany-scaled.jpeg\" \/>\n\t<meta property=\"og:image:width\" content=\"2560\" \/>\n\t<meta property=\"og:image:height\" content=\"1440\" \/>\n\t<meta property=\"og:image:type\" content=\"image\/jpeg\" \/>\n<meta name=\"twitter:card\" content=\"summary_large_image\" \/>\n<meta name=\"twitter:label1\" content=\"Written by\" \/>\n\t<meta name=\"twitter:data1\" content=\"Ingrid Pontes\" \/>\n\t<meta name=\"twitter:label2\" content=\"Est. reading time\" \/>\n\t<meta name=\"twitter:data2\" content=\"5 dakika\" \/>\n<script type=\"application\/ld+json\" class=\"yoast-schema-graph\">{\"@context\":\"https:\/\/schema.org\",\"@graph\":[{\"@type\":\"WebSite\",\"@id\":\"https:\/\/clarifyou.com\/#website\",\"url\":\"https:\/\/clarifyou.com\/\",\"name\":\"Clarif You\",\"description\":\"\",\"potentialAction\":[{\"@type\":\"SearchAction\",\"target\":{\"@type\":\"EntryPoint\",\"urlTemplate\":\"https:\/\/clarifyou.com\/?s={search_term_string}\"},\"query-input\":\"required name=search_term_string\"}],\"inLanguage\":\"tr\"},{\"@type\":\"ImageObject\",\"inLanguage\":\"tr\",\"@id\":\"https:\/\/clarifyou.com\/jobs-in-germany\/#primaryimage\",\"url\":\"https:\/\/clarifyou.com\/wp-content\/uploads\/2025\/02\/jobs-in-germany-scaled.jpeg\",\"contentUrl\":\"https:\/\/clarifyou.com\/wp-content\/uploads\/2025\/02\/jobs-in-germany-scaled.jpeg\",\"width\":2560,\"height\":1440,\"caption\":\"The flags of Turkey and Germany are intertwined, symbolizing unity and collaboration. This image represents cultural connection and international relations.\"},{\"@type\":\"WebPage\",\"@id\":\"https:\/\/clarifyou.com\/jobs-in-germany\/#webpage\",\"url\":\"https:\/\/clarifyou.com\/jobs-in-germany\/\",\"name\":\"Job Opportunities in Germany for Turks: Complete Guide - Clarif You\",\"isPartOf\":{\"@id\":\"https:\/\/clarifyou.com\/#website\"},\"primaryImageOfPage\":{\"@id\":\"https:\/\/clarifyou.com\/jobs-in-germany\/#primaryimage\"},\"datePublished\":\"2025-02-15T20:44:47+00:00\",\"dateModified\":\"2025-02-15T20:44:49+00:00\",\"author\":{\"@id\":\"https:\/\/clarifyou.com\/#\/schema\/person\/57da63559c8fe861ff28536a1e57b53e\"},\"description\":\"Everything about working in Germany: jobs, sectors with more opportunities, cost of living, and essential tips. Check it out!\",\"breadcrumb\":{\"@id\":\"https:\/\/clarifyou.com\/jobs-in-germany\/#breadcrumb\"},\"inLanguage\":\"tr\",\"potentialAction\":[{\"@type\":\"ReadAction\",\"target\":[\"https:\/\/clarifyou.com\/jobs-in-germany\/\"]}]},{\"@type\":\"BreadcrumbList\",\"@id\":\"https:\/\/clarifyou.com\/jobs-in-germany\/#breadcrumb\",\"itemListElement\":[{\"@type\":\"ListItem\",\"position\":1,\"name\":\"Home\",\"item\":\"https:\/\/clarifyou.com\/\"},{\"@type\":\"ListItem\",\"position\":2,\"name\":\"Job Opportunities in Germany for Turks: Complete Guide\"}]},{\"@type\":\"Person\",\"@id\":\"https:\/\/clarifyou.com\/#\/schema\/person\/57da63559c8fe861ff28536a1e57b53e\",\"name\":\"Ingrid Pontes\",\"image\":{\"@type\":\"ImageObject\",\"inLanguage\":\"tr\",\"@id\":\"https:\/\/clarifyou.com\/#\/schema\/person\/image\/\",\"url\":\"https:\/\/secure.gravatar.com\/avatar\/640a1578a4dd824347abae66b0e3c1de?s=96&d=mm&r=g\",\"contentUrl\":\"https:\/\/secure.gravatar.com\/avatar\/640a1578a4dd824347abae66b0e3c1de?s=96&d=mm&r=g\",\"caption\":\"Ingrid Pontes\"},\"url\":\"https:\/\/clarifyou.com\/tr\/author\/ingrid-pontes\/\"}]}<\/script>\n<!-- \/ Yoast SEO Premium plugin. -->","yoast_head_json":{"title":"Job Opportunities in Germany for Turks: Complete Guide - Clarif You","description":"Everything about working in Germany: jobs, sectors with more opportunities, cost of living, and essential tips. Check it out!","robots":{"index":"index","follow":"follow","max-snippet":"max-snippet:-1","max-image-preview":"max-image-preview:large","max-video-preview":"max-video-preview:-1"},"canonical":"https:\/\/clarifyou.com\/tr\/jobs-in-germany\/","og_locale":"tr_TR","og_type":"article","og_title":"Job Opportunities in Germany for Turks: Complete Guide","og_description":"Everything about working in Germany: jobs, sectors with more opportunities, cost of living, and essential tips. Check it out!","og_url":"https:\/\/clarifyou.com\/tr\/jobs-in-germany\/","og_site_name":"Clarif You","article_published_time":"2025-02-15T20:44:47+00:00","article_modified_time":"2025-02-15T20:44:49+00:00","og_image":[{"width":2560,"height":1440,"url":"https:\/\/clarifyou.com\/wp-content\/uploads\/2025\/02\/jobs-in-germany-scaled.jpeg","type":"image\/jpeg"}],"twitter_card":"summary_large_image","twitter_misc":{"Written by":"Ingrid Pontes","Est. reading time":"5 dakika"},"schema":{"@context":"https:\/\/schema.org","@graph":[{"@type":"WebSite","@id":"https:\/\/clarifyou.com\/#website","url":"https:\/\/clarifyou.com\/","name":"Clarif You","description":"","potentialAction":[{"@type":"SearchAction","target":{"@type":"EntryPoint","urlTemplate":"https:\/\/clarifyou.com\/?s={search_term_string}"},"query-input":"required name=search_term_string"}],"inLanguage":"tr"},{"@type":"ImageObject","inLanguage":"tr","@id":"https:\/\/clarifyou.com\/jobs-in-germany\/#primaryimage","url":"https:\/\/clarifyou.com\/wp-content\/uploads\/2025\/02\/jobs-in-germany-scaled.jpeg","contentUrl":"https:\/\/clarifyou.com\/wp-content\/uploads\/2025\/02\/jobs-in-germany-scaled.jpeg","width":2560,"height":1440,"caption":"The flags of Turkey and Germany are intertwined, symbolizing unity and collaboration. This image represents cultural connection and international relations."},{"@type":"WebPage","@id":"https:\/\/clarifyou.com\/jobs-in-germany\/#webpage","url":"https:\/\/clarifyou.com\/jobs-in-germany\/","name":"Job Opportunities in Germany for Turks: Complete Guide - Clarif You","isPartOf":{"@id":"https:\/\/clarifyou.com\/#website"},"primaryImageOfPage":{"@id":"https:\/\/clarifyou.com\/jobs-in-germany\/#primaryimage"},"datePublished":"2025-02-15T20:44:47+00:00","dateModified":"2025-02-15T20:44:49+00:00","author":{"@id":"https:\/\/clarifyou.com\/#\/schema\/person\/57da63559c8fe861ff28536a1e57b53e"},"description":"Everything about working in Germany: jobs, sectors with more opportunities, cost of living, and essential tips. Check it out!","breadcrumb":{"@id":"https:\/\/clarifyou.com\/jobs-in-germany\/#breadcrumb"},"inLanguage":"tr","potentialAction":[{"@type":"ReadAction","target":["https:\/\/clarifyou.com\/jobs-in-germany\/"]}]},{"@type":"BreadcrumbList","@id":"https:\/\/clarifyou.com\/jobs-in-germany\/#breadcrumb","itemListElement":[{"@type":"ListItem","position":1,"name":"Home","item":"https:\/\/clarifyou.com\/"},{"@type":"ListItem","position":2,"name":"Job Opportunities in Germany for Turks: Complete Guide"}]},{"@type":"Person","@id":"https:\/\/clarifyou.com\/#\/schema\/person\/57da63559c8fe861ff28536a1e57b53e","name":"Ingrid Pontes","image":{"@type":"ImageObject","inLanguage":"tr","@id":"https:\/\/clarifyou.com\/#\/schema\/person\/image\/","url":"https:\/\/secure.gravatar.com\/avatar\/640a1578a4dd824347abae66b0e3c1de?s=96&d=mm&r=g","contentUrl":"https:\/\/secure.gravatar.com\/avatar\/640a1578a4dd824347abae66b0e3c1de?s=96&d=mm&r=g","caption":"Ingrid Pontes"},"url":"https:\/\/clarifyou.com\/tr\/author\/ingrid-pontes\/"}]}},"_links":{"self":[{"href":"https:\/\/clarifyou.com\/tr\/wp-json\/wp\/v2\/posts\/2006"}],"collection":[{"href":"https:\/\/clarifyou.com\/tr\/wp-json\/wp\/v2\/posts"}],"about":[{"href":"https:\/\/clarifyou.com\/tr\/wp-json\/wp\/v2\/types\/post"}],"author":[{"embeddable":true,"href":"https:\/\/clarifyou.com\/tr\/wp-json\/wp\/v2\/users\/11"}],"replies":[{"embeddable":true,"href":"https:\/\/clarifyou.com\/tr\/wp-json\/wp\/v2\/comments?post=2006"}],"version-history":[{"count":0,"href":"https:\/\/clarifyou.com\/tr\/wp-json\/wp\/v2\/posts\/2006\/revisions"}],"wp:featuredmedia":[{"embeddable":true,"href":"https:\/\/clarifyou.com\/tr\/wp-json\/wp\/v2\/media\/2010"}],"wp:attachment":[{"href":"https:\/\/clarifyou.com\/tr\/wp-json\/wp\/v2\/media?parent=2006"}],"wp:term":[{"taxonomy":"category","embeddable":true,"href":"https:\/\/clarifyou.com\/tr\/wp-json\/wp\/v2\/categories?post=2006"},{"taxonomy":"post_tag","embeddable":true,"href":"https:\/\/clarifyou.com\/tr\/wp-json\/wp\/v2\/tags?post=2006"}],"curies":[{"name":"wp","href":"https:\/\/api.w.org\/{rel}","templated":true}]}}